{"id":3556,"date":"2026-04-06T16:57:55","date_gmt":"2026-04-06T16:57:55","guid":{"rendered":"https:\/\/aaadmj.com\/?p=3556"},"modified":"2026-04-06T17:05:09","modified_gmt":"2026-04-06T17:05:09","slug":"a-aaadmj-distinguida-com-medalha-de-merito-municipal-de-ponta-delgada","status":"publish","type":"post","link":"https:\/\/aaadmj.com\/en\/a-aaadmj-distinguida-com-medalha-de-merito-municipal-de-ponta-delgada\/","title":{"rendered":"AAADMJ Awarded the Ponta Delgada Municipal Medal of Merit"},"content":{"rendered":"<p>The  Associa\u00e7\u00e3o Atl\u00e2ntica de Apoio aos Doentes de  Machado-Joseph  was honored with the <strong>Municipal Medal of Merit<\/strong>, awarded by the Ponta Delgada City Council as part of the celebrations marking the 480th anniversary of Ponta Delgada\u2019s designation as a city, on April 2, 2026.<\/p>\n\n\n\n<p>This award recognizes more than three decades of dedication to providing social and psychological support to people affected by Machado-Joseph disease, as well as the work done to promote their inclusion and quality of life. Since its founding on August 5, 1996, the Association has maintained a continuous commitment to helping patients and their families, guided by dedication, solidarity, and a close relationship with them.<\/p>\n\n\n\n<p>Over the years, it has also played a significant role in raising awareness of rare diseases, collaborating with medical and scientific organizations and contributing to the advancement of knowledge about this condition, which is particularly prevalent in the Autonomous Region of the Azores.<\/p>\n\n\n\n<p>The awarding of this Municipal Medal of Merit is a source of deep gratitude and honor for the AAADMJ, underscoring the importance of the work it has carried out and renewing its commitment to continue serving the community with dedication and a sense of mission.<\/p>\n\n\n\n<p>The Board of Directors of AAADMJ extends its sincere gratitude to the Ponta Delgada City Council for this honor, which recognizes not only the institution but also all those who, over the years, have contributed to the fulfillment of its mission.<\/p>\n\n\n\n<figure class=\"wp-block-gallery has-nested-images columns-default is-cropped wp-block-gallery-1 is-layout-flex wp-block-gallery-is-layout-flex\">\n<figure class=\"wp-block-image size-large\"><img fetchpriority=\"high\" decoding=\"async\" width=\"1024\" height=\"683\" data-id=\"3560\" src=\"https:\/\/aaadmj.com\/wp-content\/uploads\/2026\/04\/FotoPresidente-1-1024x683.jpg\" alt=\"\" class=\"wp-image-3560\" srcset=\"https:\/\/aaadmj.com\/wp-content\/uploads\/2026\/04\/FotoPresidente-1-1024x683.jpg 1024w, https:\/\/aaadmj.com\/wp-content\/uploads\/2026\/04\/FotoPresidente-1-300x200.jpg 300w, https:\/\/aaadmj.com\/wp-content\/uploads\/2026\/04\/FotoPresidente-1-768x512.jpg 768w, https:\/\/aaadmj.com\/wp-content\/uploads\/2026\/04\/FotoPresidente-1-1536x1024.jpg 1536w, https:\/\/aaadmj.com\/wp-content\/uploads\/2026\/04\/FotoPresidente-1-18x12.jpg 18w, https:\/\/aaadmj.com\/wp-content\/uploads\/2026\/04\/FotoPresidente-1.jpg 2048w\" sizes=\"(max-width: 1024px) 100vw, 1024px\" \/><figcaption class=\"wp-element-caption\">\u00a9Hugo Moreira<\/figcaption><\/figure>\n\n\n\n<figure class=\"wp-block-image size-large\"><img decoding=\"async\" width=\"1024\" height=\"683\" data-id=\"3558\" src=\"https:\/\/aaadmj.com\/wp-content\/uploads\/2026\/04\/Foto-completa-1024x683.jpg\" alt=\"\" class=\"wp-image-3558\" srcset=\"https:\/\/aaadmj.com\/wp-content\/uploads\/2026\/04\/Foto-completa-1024x683.jpg 1024w, https:\/\/aaadmj.com\/wp-content\/uploads\/2026\/04\/Foto-completa-300x200.jpg 300w, https:\/\/aaadmj.com\/wp-content\/uploads\/2026\/04\/Foto-completa-768x512.jpg 768w, https:\/\/aaadmj.com\/wp-content\/uploads\/2026\/04\/Foto-completa-1536x1024.jpg 1536w, https:\/\/aaadmj.com\/wp-content\/uploads\/2026\/04\/Foto-completa-18x12.jpg 18w, https:\/\/aaadmj.com\/wp-content\/uploads\/2026\/04\/Foto-completa.jpg 2048w\" sizes=\"(max-width: 1024px) 100vw, 1024px\" \/><figcaption class=\"wp-element-caption\">\u00a9Hugo Moreira<\/figcaption><\/figure>\n\n\n\n<figure class=\"wp-block-image size-large\"><img decoding=\"async\" width=\"768\" height=\"1024\" data-id=\"3559\" src=\"https:\/\/aaadmj.com\/wp-content\/uploads\/2026\/04\/FotoEquipa-768x1024.jpeg\" alt=\"\" class=\"wp-image-3559\" srcset=\"https:\/\/aaadmj.com\/wp-content\/uploads\/2026\/04\/FotoEquipa-768x1024.jpeg 768w, https:\/\/aaadmj.com\/wp-content\/uploads\/2026\/04\/FotoEquipa-225x300.jpeg 225w, https:\/\/aaadmj.com\/wp-content\/uploads\/2026\/04\/FotoEquipa-1152x1536.jpeg 1152w, https:\/\/aaadmj.com\/wp-content\/uploads\/2026\/04\/FotoEquipa-9x12.jpeg 9w, https:\/\/aaadmj.com\/wp-content\/uploads\/2026\/04\/FotoEquipa.jpeg 1200w\" sizes=\"(max-width: 768px) 100vw, 768px\" \/><\/figure>\n<\/figure>\n\n\n\n<figure class=\"wp-block-gallery has-nested-images columns-default is-cropped wp-block-gallery-2 is-layout-flex wp-block-gallery-is-layout-flex\"><\/figure>\n\n\n\n<figure class=\"wp-block-gallery has-nested-images columns-default is-cropped wp-block-gallery-3 is-layout-flex wp-block-gallery-is-layout-flex\"><\/figure>","protected":false},"excerpt":{"rendered":"<p>A Associa\u00e7\u00e3o Atl\u00e2ntica de Apoio aos Doentes de Machado-Joseph foi distinguida com a Medalha de M\u00e9rito Municipal, atribu\u00edda pela C\u00e2mara Municipal de Ponta Delgada, no \u00e2mbito das comemora\u00e7\u00f5es do 480.\u00ba anivers\u00e1rio da eleva\u00e7\u00e3o de Ponta Delgada a cidade, no dia 2 de abril de 2026. Esta distin\u00e7\u00e3o reconhece o percurso de mais de tr\u00eas d\u00e9cadas [&hellip;]<\/p>","protected":false},"author":2,"featured_media":3561,"comment_status":"closed","ping_status":"closed","sticky":false,"template":"","format":"standard","meta":{"footnotes":""},"categories":[9,10,1],"tags":[104,103,64,22],"class_list":["post-3556","post","type-post","status-publish","format-standard","has-post-thumbnail","hentry","category-associacao","category-eventos","category-news","tag-medalha","tag-merito","tag-cmpdl","tag-aaadmj"],"yoast_head":"<!-- This site is optimized with the Yoast SEO plugin v22.6 - https:\/\/yoast.com\/wordpress\/plugins\/seo\/ -->\n<title>A AAADMJ distinguida com Medalha de M\u00e9rito Municipal de Ponta Delgada - AAADMJ - Associa\u00e7\u00e3o Atl\u00e2ntica de Apoio aos Doentes de Machado-Joseph<\/title>\n<meta name=\"robots\" content=\"index, follow, max-snippet:-1, max-image-preview:large, max-video-preview:-1\" \/>\n<link rel=\"canonical\" href=\"https:\/\/aaadmj.com\/en\/a-aaadmj-distinguida-com-medalha-de-merito-municipal-de-ponta-delgada\/\" \/>\n<meta property=\"og:locale\" content=\"en_GB\" \/>\n<meta property=\"og:type\" content=\"article\" \/>\n<meta property=\"og:title\" content=\"A AAADMJ distinguida com Medalha de M\u00e9rito Municipal de Ponta Delgada - AAADMJ - Associa\u00e7\u00e3o Atl\u00e2ntica de Apoio aos Doentes de Machado-Joseph\" \/>\n<meta property=\"og:description\" content=\"A Associa\u00e7\u00e3o Atl\u00e2ntica de Apoio aos Doentes de Machado-Joseph foi distinguida com a Medalha de M\u00e9rito Municipal, atribu\u00edda pela C\u00e2mara Municipal de Ponta Delgada, no \u00e2mbito das comemora\u00e7\u00f5es do 480.\u00ba anivers\u00e1rio da eleva\u00e7\u00e3o de Ponta Delgada a cidade, no dia 2 de abril de 2026. Esta distin\u00e7\u00e3o reconhece o percurso de mais de tr\u00eas d\u00e9cadas [&hellip;]\" \/>\n<meta property=\"og:url\" content=\"https:\/\/aaadmj.com\/en\/a-aaadmj-distinguida-com-medalha-de-merito-municipal-de-ponta-delgada\/\" \/>\n<meta property=\"og:site_name\" content=\"AAADMJ - Associa\u00e7\u00e3o Atl\u00e2ntica de Apoio aos Doentes de Machado-Joseph\" \/>\n<meta property=\"article:published_time\" content=\"2026-04-06T16:57:55+00:00\" \/>\n<meta property=\"article:modified_time\" content=\"2026-04-06T17:05:09+00:00\" \/>\n<meta property=\"og:image\" content=\"https:\/\/aaadmj.com\/wp-content\/uploads\/2026\/04\/Medalha.jpeg\" \/>\n\t<meta property=\"og:image:width\" content=\"1536\" \/>\n\t<meta property=\"og:image:height\" content=\"1024\" \/>\n\t<meta property=\"og:image:type\" content=\"image\/jpeg\" \/>\n<meta name=\"author\" content=\"Associa\u00e7\u00e3o Machado-Joseph\" \/>\n<meta name=\"twitter:card\" content=\"summary_large_image\" \/>\n<meta name=\"twitter:label1\" content=\"Written by\" \/>\n\t<meta name=\"twitter:data1\" content=\"Associa\u00e7\u00e3o Machado-Joseph\" \/>\n\t<meta name=\"twitter:label2\" content=\"Estimated reading time\" \/>\n\t<meta name=\"twitter:data2\" content=\"3 minutes\" \/>\n<script type=\"application\/ld+json\" class=\"yoast-schema-graph\">{\"@context\":\"https:\/\/schema.org\",\"@graph\":[{\"@type\":\"Article\",\"@id\":\"https:\/\/aaadmj.com\/a-aaadmj-distinguida-com-medalha-de-merito-municipal-de-ponta-delgada\/#article\",\"isPartOf\":{\"@id\":\"https:\/\/aaadmj.com\/a-aaadmj-distinguida-com-medalha-de-merito-municipal-de-ponta-delgada\/\"},\"author\":{\"name\":\"Associa\u00e7\u00e3o Machado-Joseph\",\"@id\":\"https:\/\/aaadmj.com\/#\/schema\/person\/e6167af0efbbf17fb001e3086efaaefc\"},\"headline\":\"A AAADMJ distinguida com Medalha de M\u00e9rito Municipal de Ponta Delgada\",\"datePublished\":\"2026-04-06T16:57:55+00:00\",\"dateModified\":\"2026-04-06T17:05:09+00:00\",\"mainEntityOfPage\":{\"@id\":\"https:\/\/aaadmj.com\/a-aaadmj-distinguida-com-medalha-de-merito-municipal-de-ponta-delgada\/\"},\"wordCount\":289,\"publisher\":{\"@id\":\"https:\/\/aaadmj.com\/#organization\"},\"image\":{\"@id\":\"https:\/\/aaadmj.com\/a-aaadmj-distinguida-com-medalha-de-merito-municipal-de-ponta-delgada\/#primaryimage\"},\"thumbnailUrl\":\"https:\/\/aaadmj.com\/wp-content\/uploads\/2026\/04\/Medalha.jpeg\",\"keywords\":[\"medalha\",\"m\u00e9rito\",\"CMPDL\",\"aaadmj\"],\"articleSection\":[\"Associa\u00e7\u00e3o\",\"Eventos\",\"Not\u00edcias\"],\"inLanguage\":\"en-GB\"},{\"@type\":\"WebPage\",\"@id\":\"https:\/\/aaadmj.com\/a-aaadmj-distinguida-com-medalha-de-merito-municipal-de-ponta-delgada\/\",\"url\":\"https:\/\/aaadmj.com\/a-aaadmj-distinguida-com-medalha-de-merito-municipal-de-ponta-delgada\/\",\"name\":\"A AAADMJ distinguida com Medalha de M\u00e9rito Municipal de Ponta Delgada - AAADMJ - Associa\u00e7\u00e3o Atl\u00e2ntica de Apoio aos Doentes de Machado-Joseph\",\"isPartOf\":{\"@id\":\"https:\/\/aaadmj.com\/#website\"},\"primaryImageOfPage\":{\"@id\":\"https:\/\/aaadmj.com\/a-aaadmj-distinguida-com-medalha-de-merito-municipal-de-ponta-delgada\/#primaryimage\"},\"image\":{\"@id\":\"https:\/\/aaadmj.com\/a-aaadmj-distinguida-com-medalha-de-merito-municipal-de-ponta-delgada\/#primaryimage\"},\"thumbnailUrl\":\"https:\/\/aaadmj.com\/wp-content\/uploads\/2026\/04\/Medalha.jpeg\",\"datePublished\":\"2026-04-06T16:57:55+00:00\",\"dateModified\":\"2026-04-06T17:05:09+00:00\",\"breadcrumb\":{\"@id\":\"https:\/\/aaadmj.com\/a-aaadmj-distinguida-com-medalha-de-merito-municipal-de-ponta-delgada\/#breadcrumb\"},\"inLanguage\":\"en-GB\",\"potentialAction\":[{\"@type\":\"ReadAction\",\"target\":[\"https:\/\/aaadmj.com\/a-aaadmj-distinguida-com-medalha-de-merito-municipal-de-ponta-delgada\/\"]}]},{\"@type\":\"ImageObject\",\"inLanguage\":\"en-GB\",\"@id\":\"https:\/\/aaadmj.com\/a-aaadmj-distinguida-com-medalha-de-merito-municipal-de-ponta-delgada\/#primaryimage\",\"url\":\"https:\/\/aaadmj.com\/wp-content\/uploads\/2026\/04\/Medalha.jpeg\",\"contentUrl\":\"https:\/\/aaadmj.com\/wp-content\/uploads\/2026\/04\/Medalha.jpeg\",\"width\":1536,\"height\":1024},{\"@type\":\"BreadcrumbList\",\"@id\":\"https:\/\/aaadmj.com\/a-aaadmj-distinguida-com-medalha-de-merito-municipal-de-ponta-delgada\/#breadcrumb\",\"itemListElement\":[{\"@type\":\"ListItem\",\"position\":1,\"name\":\"In\u00edcio\",\"item\":\"https:\/\/aaadmj.com\/\"},{\"@type\":\"ListItem\",\"position\":2,\"name\":\"A AAADMJ distinguida com Medalha de M\u00e9rito Municipal de Ponta Delgada\"}]},{\"@type\":\"WebSite\",\"@id\":\"https:\/\/aaadmj.com\/#website\",\"url\":\"https:\/\/aaadmj.com\/\",\"name\":\"AAADMJ - Associa\u00e7\u00e3o Atl\u00e2ntica de Apoio aos Doentes de Machado-Joseph\",\"description\":\"Institui\u00e7\u00e3o Particular de Solidariedade Social, com sede em Ponta Delgada, que tem por miss\u00e3o a representa\u00e7\u00e3o e defesa dos interesses gerais e coletivos dos portadores da doen\u00e7a de Machado-Joseph e seus familiares\",\"publisher\":{\"@id\":\"https:\/\/aaadmj.com\/#organization\"},\"potentialAction\":[{\"@type\":\"SearchAction\",\"target\":{\"@type\":\"EntryPoint\",\"urlTemplate\":\"https:\/\/aaadmj.com\/?s={search_term_string}\"},\"query-input\":\"required name=search_term_string\"}],\"inLanguage\":\"en-GB\"},{\"@type\":\"Organization\",\"@id\":\"https:\/\/aaadmj.com\/#organization\",\"name\":\"AAADMJ - Associa\u00e7\u00e3o Atl\u00e2ntica de Apoio aos Doentes de Machado-Joseph\",\"url\":\"https:\/\/aaadmj.com\/\",\"logo\":{\"@type\":\"ImageObject\",\"inLanguage\":\"en-GB\",\"@id\":\"https:\/\/aaadmj.com\/#\/schema\/logo\/image\/\",\"url\":\"https:\/\/aaadmj.com\/wp-content\/uploads\/2024\/01\/logo_aaadmj-01.png\",\"contentUrl\":\"https:\/\/aaadmj.com\/wp-content\/uploads\/2024\/01\/logo_aaadmj-01.png\",\"width\":851,\"height\":221,\"caption\":\"AAADMJ - Associa\u00e7\u00e3o Atl\u00e2ntica de Apoio aos Doentes de Machado-Joseph\"},\"image\":{\"@id\":\"https:\/\/aaadmj.com\/#\/schema\/logo\/image\/\"}},{\"@type\":\"Person\",\"@id\":\"https:\/\/aaadmj.com\/#\/schema\/person\/e6167af0efbbf17fb001e3086efaaefc\",\"name\":\"Associa\u00e7\u00e3o Machado-Joseph\",\"image\":{\"@type\":\"ImageObject\",\"inLanguage\":\"en-GB\",\"@id\":\"https:\/\/aaadmj.com\/#\/schema\/person\/image\/\",\"url\":\"https:\/\/secure.gravatar.com\/avatar\/cd3067c0620ff6d8b12c69c458234aa7cd5f0b2e529c7ff854737e83de5fecbd?s=96&d=mm&r=g\",\"contentUrl\":\"https:\/\/secure.gravatar.com\/avatar\/cd3067c0620ff6d8b12c69c458234aa7cd5f0b2e529c7ff854737e83de5fecbd?s=96&d=mm&r=g\",\"caption\":\"Associa\u00e7\u00e3o Machado-Joseph\"},\"url\":\"https:\/\/aaadmj.com\/en\/author\/adm1naaadmj\/\"}]}<\/script>\n<!-- \/ Yoast SEO plugin. -->","yoast_head_json":{"title":"A AAADMJ distinguida com Medalha de M\u00e9rito Municipal de Ponta Delgada - AAADMJ - Associa\u00e7\u00e3o Atl\u00e2ntica de Apoio aos Doentes de Machado-Joseph","robots":{"index":"index","follow":"follow","max-snippet":"max-snippet:-1","max-image-preview":"max-image-preview:large","max-video-preview":"max-video-preview:-1"},"canonical":"https:\/\/aaadmj.com\/en\/a-aaadmj-distinguida-com-medalha-de-merito-municipal-de-ponta-delgada\/","og_locale":"en_GB","og_type":"article","og_title":"A AAADMJ distinguida com Medalha de M\u00e9rito Municipal de Ponta Delgada - AAADMJ - Associa\u00e7\u00e3o Atl\u00e2ntica de Apoio aos Doentes de Machado-Joseph","og_description":"A Associa\u00e7\u00e3o Atl\u00e2ntica de Apoio aos Doentes de Machado-Joseph foi distinguida com a Medalha de M\u00e9rito Municipal, atribu\u00edda pela C\u00e2mara Municipal de Ponta Delgada, no \u00e2mbito das comemora\u00e7\u00f5es do 480.\u00ba anivers\u00e1rio da eleva\u00e7\u00e3o de Ponta Delgada a cidade, no dia 2 de abril de 2026. Esta distin\u00e7\u00e3o reconhece o percurso de mais de tr\u00eas d\u00e9cadas [&hellip;]","og_url":"https:\/\/aaadmj.com\/en\/a-aaadmj-distinguida-com-medalha-de-merito-municipal-de-ponta-delgada\/","og_site_name":"AAADMJ - Associa\u00e7\u00e3o Atl\u00e2ntica de Apoio aos Doentes de Machado-Joseph","article_published_time":"2026-04-06T16:57:55+00:00","article_modified_time":"2026-04-06T17:05:09+00:00","og_image":[{"width":1536,"height":1024,"url":"https:\/\/aaadmj.com\/wp-content\/uploads\/2026\/04\/Medalha.jpeg","type":"image\/jpeg"}],"author":"Associa\u00e7\u00e3o Machado-Joseph","twitter_card":"summary_large_image","twitter_misc":{"Written by":"Associa\u00e7\u00e3o Machado-Joseph","Estimated reading time":"3 minutes"},"schema":{"@context":"https:\/\/schema.org","@graph":[{"@type":"Article","@id":"https:\/\/aaadmj.com\/a-aaadmj-distinguida-com-medalha-de-merito-municipal-de-ponta-delgada\/#article","isPartOf":{"@id":"https:\/\/aaadmj.com\/a-aaadmj-distinguida-com-medalha-de-merito-municipal-de-ponta-delgada\/"},"author":{"name":"Associa\u00e7\u00e3o Machado-Joseph","@id":"https:\/\/aaadmj.com\/#\/schema\/person\/e6167af0efbbf17fb001e3086efaaefc"},"headline":"A AAADMJ distinguida com Medalha de M\u00e9rito Municipal de Ponta Delgada","datePublished":"2026-04-06T16:57:55+00:00","dateModified":"2026-04-06T17:05:09+00:00","mainEntityOfPage":{"@id":"https:\/\/aaadmj.com\/a-aaadmj-distinguida-com-medalha-de-merito-municipal-de-ponta-delgada\/"},"wordCount":289,"publisher":{"@id":"https:\/\/aaadmj.com\/#organization"},"image":{"@id":"https:\/\/aaadmj.com\/a-aaadmj-distinguida-com-medalha-de-merito-municipal-de-ponta-delgada\/#primaryimage"},"thumbnailUrl":"https:\/\/aaadmj.com\/wp-content\/uploads\/2026\/04\/Medalha.jpeg","keywords":["medalha","m\u00e9rito","CMPDL","aaadmj"],"articleSection":["Associa\u00e7\u00e3o","Eventos","Not\u00edcias"],"inLanguage":"en-GB"},{"@type":"WebPage","@id":"https:\/\/aaadmj.com\/a-aaadmj-distinguida-com-medalha-de-merito-municipal-de-ponta-delgada\/","url":"https:\/\/aaadmj.com\/a-aaadmj-distinguida-com-medalha-de-merito-municipal-de-ponta-delgada\/","name":"A AAADMJ distinguida com Medalha de M\u00e9rito Municipal de Ponta Delgada - AAADMJ - Associa\u00e7\u00e3o Atl\u00e2ntica de Apoio aos Doentes de Machado-Joseph","isPartOf":{"@id":"https:\/\/aaadmj.com\/#website"},"primaryImageOfPage":{"@id":"https:\/\/aaadmj.com\/a-aaadmj-distinguida-com-medalha-de-merito-municipal-de-ponta-delgada\/#primaryimage"},"image":{"@id":"https:\/\/aaadmj.com\/a-aaadmj-distinguida-com-medalha-de-merito-municipal-de-ponta-delgada\/#primaryimage"},"thumbnailUrl":"https:\/\/aaadmj.com\/wp-content\/uploads\/2026\/04\/Medalha.jpeg","datePublished":"2026-04-06T16:57:55+00:00","dateModified":"2026-04-06T17:05:09+00:00","breadcrumb":{"@id":"https:\/\/aaadmj.com\/a-aaadmj-distinguida-com-medalha-de-merito-municipal-de-ponta-delgada\/#breadcrumb"},"inLanguage":"en-GB","potentialAction":[{"@type":"ReadAction","target":["https:\/\/aaadmj.com\/a-aaadmj-distinguida-com-medalha-de-merito-municipal-de-ponta-delgada\/"]}]},{"@type":"ImageObject","inLanguage":"en-GB","@id":"https:\/\/aaadmj.com\/a-aaadmj-distinguida-com-medalha-de-merito-municipal-de-ponta-delgada\/#primaryimage","url":"https:\/\/aaadmj.com\/wp-content\/uploads\/2026\/04\/Medalha.jpeg","contentUrl":"https:\/\/aaadmj.com\/wp-content\/uploads\/2026\/04\/Medalha.jpeg","width":1536,"height":1024},{"@type":"BreadcrumbList","@id":"https:\/\/aaadmj.com\/a-aaadmj-distinguida-com-medalha-de-merito-municipal-de-ponta-delgada\/#breadcrumb","itemListElement":[{"@type":"ListItem","position":1,"name":"In\u00edcio","item":"https:\/\/aaadmj.com\/"},{"@type":"ListItem","position":2,"name":"A AAADMJ distinguida com Medalha de M\u00e9rito Municipal de Ponta Delgada"}]},{"@type":"WebSite","@id":"https:\/\/aaadmj.com\/#website","url":"https:\/\/aaadmj.com\/","name":"AAADMJ - Associa\u00e7\u00e3o Atl\u00e2ntica de Apoio aos Doentes de Machado-Joseph","description":"Institui\u00e7\u00e3o Particular de Solidariedade Social, com sede em Ponta Delgada, que tem por miss\u00e3o a representa\u00e7\u00e3o e defesa dos interesses gerais e coletivos dos portadores da doen\u00e7a de Machado-Joseph e seus familiares","publisher":{"@id":"https:\/\/aaadmj.com\/#organization"},"potentialAction":[{"@type":"SearchAction","target":{"@type":"EntryPoint","urlTemplate":"https:\/\/aaadmj.com\/?s={search_term_string}"},"query-input":"required name=search_term_string"}],"inLanguage":"en-GB"},{"@type":"Organization","@id":"https:\/\/aaadmj.com\/#organization","name":"AAADMJ - Associa\u00e7\u00e3o Atl\u00e2ntica de Apoio aos Doentes de Machado-Joseph","url":"https:\/\/aaadmj.com\/","logo":{"@type":"ImageObject","inLanguage":"en-GB","@id":"https:\/\/aaadmj.com\/#\/schema\/logo\/image\/","url":"https:\/\/aaadmj.com\/wp-content\/uploads\/2024\/01\/logo_aaadmj-01.png","contentUrl":"https:\/\/aaadmj.com\/wp-content\/uploads\/2024\/01\/logo_aaadmj-01.png","width":851,"height":221,"caption":"AAADMJ - Associa\u00e7\u00e3o Atl\u00e2ntica de Apoio aos Doentes de Machado-Joseph"},"image":{"@id":"https:\/\/aaadmj.com\/#\/schema\/logo\/image\/"}},{"@type":"Person","@id":"https:\/\/aaadmj.com\/#\/schema\/person\/e6167af0efbbf17fb001e3086efaaefc","name":"Associa\u00e7\u00e3o Machado-Joseph","image":{"@type":"ImageObject","inLanguage":"en-GB","@id":"https:\/\/aaadmj.com\/#\/schema\/person\/image\/","url":"https:\/\/secure.gravatar.com\/avatar\/cd3067c0620ff6d8b12c69c458234aa7cd5f0b2e529c7ff854737e83de5fecbd?s=96&d=mm&r=g","contentUrl":"https:\/\/secure.gravatar.com\/avatar\/cd3067c0620ff6d8b12c69c458234aa7cd5f0b2e529c7ff854737e83de5fecbd?s=96&d=mm&r=g","caption":"Associa\u00e7\u00e3o Machado-Joseph"},"url":"https:\/\/aaadmj.com\/en\/author\/adm1naaadmj\/"}]}},"_links":{"self":[{"href":"https:\/\/aaadmj.com\/en\/wp-json\/wp\/v2\/posts\/3556","targetHints":{"allow":["GET"]}}],"collection":[{"href":"https:\/\/aaadmj.com\/en\/wp-json\/wp\/v2\/posts"}],"about":[{"href":"https:\/\/aaadmj.com\/en\/wp-json\/wp\/v2\/types\/post"}],"author":[{"embeddable":true,"href":"https:\/\/aaadmj.com\/en\/wp-json\/wp\/v2\/users\/2"}],"replies":[{"embeddable":true,"href":"https:\/\/aaadmj.com\/en\/wp-json\/wp\/v2\/comments?post=3556"}],"version-history":[{"count":2,"href":"https:\/\/aaadmj.com\/en\/wp-json\/wp\/v2\/posts\/3556\/revisions"}],"predecessor-version":[{"id":3563,"href":"https:\/\/aaadmj.com\/en\/wp-json\/wp\/v2\/posts\/3556\/revisions\/3563"}],"wp:featuredmedia":[{"embeddable":true,"href":"https:\/\/aaadmj.com\/en\/wp-json\/wp\/v2\/media\/3561"}],"wp:attachment":[{"href":"https:\/\/aaadmj.com\/en\/wp-json\/wp\/v2\/media?parent=3556"}],"wp:term":[{"taxonomy":"category","embeddable":true,"href":"https:\/\/aaadmj.com\/en\/wp-json\/wp\/v2\/categories?post=3556"},{"taxonomy":"post_tag","embeddable":true,"href":"https:\/\/aaadmj.com\/en\/wp-json\/wp\/v2\/tags?post=3556"}],"curies":[{"name":"wp","href":"https:\/\/api.w.org\/{rel}","templated":true}]}}